{"id":2169,"date":"2024-09-19T09:05:57","date_gmt":"2024-09-19T09:05:57","guid":{"rendered":"https:\/\/www.flexyfinder.com\/flexyfinder-uczestniczy-w-waznym-wydarzeniu-branzowym-poswieconym-innowacjom-i-zmianom-w-budownictwie-i-nieruchomosciach\/"},"modified":"2024-09-19T09:14:43","modified_gmt":"2024-09-19T09:14:43","slug":"flexyfinder-uczestniczy-w-waznym-wydarzeniu-branzowym-poswieconym-innowacjom-i-zmianom-w-budownictwie-i-nieruchomosciach","status":"publish","type":"post","link":"https:\/\/www.flexyfinder.com\/pl\/flexyfinder-uczestniczy-w-waznym-wydarzeniu-branzowym-poswieconym-innowacjom-i-zmianom-w-budownictwie-i-nieruchomosciach\/","title":{"rendered":"Flexyfinder uczestniczy w wa\u017cnym wydarzeniu bran\u017cowym po\u015bwi\u0119conym innowacjom i zmianom w budownictwie i nieruchomo\u015bciach"},"content":{"rendered":"\n<p>27 wrze\u015bnia, <strong><a href=\"https:\/\/www.flexyfinder.com\/pl\/\">FlexyFinder<\/a><\/strong> we\u017amie udzia\u0142 w kluczowym wydarzeniu organizowanym przez <a href=\"https:\/\/svenskpolska.se\/events-se\">Szwedzko-Polsk\u0105 Izb\u0119 Gospodarcz\u0105<\/a>, koncentruj\u0105cym si\u0119 na szybkim tempie zmian i innowacji w sektorze budownictwa i nieruchomo\u015bci.\nPod has\u0142em &#8222;Tempo zmian i innowacji w budownictwie i nieruchomo\u015bciach jest zdumiewaj\u0105ce&#8221; wydarzenie zgromadzi czo\u0142owych ekspert\u00f3w, innowator\u00f3w i decydent\u00f3w w celu om\u00f3wienia wyzwa\u0144 i mo\u017cliwo\u015bci, kt\u00f3re pojawiaj\u0105 si\u0119 w coraz bardziej cyfrowej i zr\u00f3wnowa\u017conej przysz\u0142o\u015bci. <\/p>\n\n<p><a href=\"https:\/\/www.flexyfinder.com\/pl\/\">FlexyFinder<\/a> z dum\u0105 uczestniczy w tej wa\u017cnej rozmowie, wnosz\u0105c swoj\u0105 wiedz\u0119 w zakresie wydajnych rozwi\u0105za\u0144 kadrowych i optymalizacji zasob\u00f3w.\nDzi\u0119ki naszej innowacyjnej platformie umo\u017cliwiamy firmom sprostanie rosn\u0105cym wymaganiom w zakresie elastyczno\u015bci i produktywno\u015bci we wsp\u00f3\u0142czesnych projektach budowlanych i zwi\u0105zanych z nieruchomo\u015bciami. <\/p>\n\n<p>Wydarzenie to s\u0142u\u017cy jako wa\u017cna platforma do dzielenia si\u0119 spostrze\u017ceniami na temat tego, w jaki spos\u00f3b post\u0119p technologiczny nap\u0119dza bran\u017c\u0119, przekszta\u0142caj\u0105c procesy od automatyzacji po inteligentne budynki.\nZ niecierpliwo\u015bci\u0105 czekamy na nawi\u0105zanie kontakt\u00f3w z innymi liderami bran\u017cy i dowiedzenie si\u0119 wi\u0119cej o najnowszych trendach i innowacjach kszta\u0142tuj\u0105cych przysz\u0142o\u015b\u0107 budownictwa. <\/p>\n\n<p>Aby uzyska\u0107 wi\u0119cej informacji na temat wydarzenia i zarejestrowa\u0107 si\u0119, aby \u015bledzi\u0107 je na \u017cywo, odwied\u017a: <a href=\"https:\/\/svenskpolska.se\/events-se\">https:\/\/svenskpolska.se\/events-se<\/a><\/p>\n\n<p>B\u0105d\u017a na bie\u017c\u0105co, aby otrzymywa\u0107 wi\u0119cej informacji od <a href=\"https:\/\/www.flexyfinder.com\/pl\/\">FlexyFinder<\/a> w trakcie i po wydarzeniu!<\/p>\n","protected":false},"excerpt":{"rendered":"<p>27 wrze\u015bnia, FlexyFinder we\u017amie udzia\u0142 w kluczowym wydarzeniu organizowanym przez Szwedzko-Polsk\u0105 Izb\u0119 Gospodarcz\u0105, koncentruj\u0105cym si\u0119 na szybkim tempie zmian i innowacji w sektorze budownictwa i nieruchomo\u015bci. Pod has\u0142em &#8222;Tempo zmian i innowacji w budownictwie i nieruchomo\u015bciach jest zdumiewaj\u0105ce&#8221; wydarzenie zgromadzi czo\u0142owych ekspert\u00f3w, innowator\u00f3w i decydent\u00f3w w celu om\u00f3wienia wyzwa\u0144 i mo\u017cliwo\u015bci, kt\u00f3re pojawiaj\u0105 si\u0119 w [&hellip;]<\/p>\n","protected":false},"author":7,"featured_media":2101,"comment_status":"open","ping_status":"open","sticky":false,"template":"","format":"standard","meta":{"two_page_speed":[],"footnotes":""},"categories":[13],"tags":[],"class_list":["post-2169","post","type-post","status-publish","format-standard","has-post-thumbnail","hentry","category-bez-kategorii"],"yoast_head":"<!-- This site is optimized with the Yoast SEO plugin v23.4 - https:\/\/yoast.com\/wordpress\/plugins\/seo\/ -->\n<title>Flexyfinder uczestniczy w wa\u017cnym wydarzeniu bran\u017cowym po\u015bwi\u0119conym innowacjom i zmianom w budownictwie i nieruchomo\u015bciach - FlexyFinder<\/title>\n<meta name=\"description\" content=\"27 wrze\u015bnia FlexyFinder we\u017amie udzia\u0142 w kluczowym wydarzeniu organizowanym przez Szwedzko-Polsk\u0105 Izb\u0119 Handlow\u0105.\" \/>\n<meta name=\"robots\" content=\"index, follow, max-snippet:-1, max-image-preview:large, max-video-preview:-1\" \/>\n<link rel=\"canonical\" href=\"https:\/\/www.flexyfinder.com\/pl\/flexyfinder-uczestniczy-w-waznym-wydarzeniu-branzowym-poswieconym-innowacjom-i-zmianom-w-budownictwie-i-nieruchomosciach\/\" \/>\n<meta property=\"og:locale\" content=\"pl_PL\" \/>\n<meta property=\"og:type\" content=\"article\" \/>\n<meta property=\"og:title\" content=\"Flexyfinder uczestniczy w wa\u017cnym wydarzeniu bran\u017cowym po\u015bwi\u0119conym innowacjom i zmianom w budownictwie i nieruchomo\u015bciach\" \/>\n<meta property=\"og:description\" content=\"27 wrze\u015bnia FlexyFinder we\u017amie udzia\u0142 w kluczowym wydarzeniu organizowanym przez Szwedzko-Polsk\u0105 Izb\u0119 Handlow\u0105.\" \/>\n<meta property=\"og:url\" content=\"https:\/\/www.flexyfinder.com\/pl\/flexyfinder-uczestniczy-w-waznym-wydarzeniu-branzowym-poswieconym-innowacjom-i-zmianom-w-budownictwie-i-nieruchomosciach\/\" \/>\n<meta property=\"og:site_name\" content=\"FlexyFinder\" \/>\n<meta property=\"article:published_time\" content=\"2024-09-19T09:05:57+00:00\" \/>\n<meta property=\"article:modified_time\" content=\"2024-09-19T09:14:43+00:00\" \/>\n<meta property=\"og:image\" content=\"https:\/\/www.flexyfinder.com\/wp-content\/uploads\/2024\/09\/conference-1024x574.png\" \/>\n<meta name=\"author\" content=\"Lars\" \/>\n<meta name=\"twitter:card\" content=\"summary_large_image\" \/>\n<meta name=\"twitter:title\" content=\"Flexyfinder uczestniczy w wa\u017cnym wydarzeniu bran\u017cowym po\u015bwi\u0119conym innowacjom i zmianom w budownictwie i nieruchomo\u015bciach\" \/>\n<meta name=\"twitter:description\" content=\"27 wrze\u015bnia FlexyFinder we\u017amie udzia\u0142 w kluczowym wydarzeniu organizowanym przez Szwedzko-Polsk\u0105 Izb\u0119 Handlow\u0105.\" \/>\n<meta name=\"twitter:image\" content=\"https:\/\/www.flexyfinder.com\/wp-content\/uploads\/2024\/09\/conference-1024x574.png\" \/>\n<meta name=\"twitter:label1\" content=\"Napisane przez\" \/>\n\t<meta name=\"twitter:data1\" content=\"Lars\" \/>\n\t<meta name=\"twitter:label2\" content=\"Szacowany czas czytania\" \/>\n\t<meta name=\"twitter:data2\" content=\"1 minuta\" \/>\n<script type=\"application\/ld+json\" class=\"yoast-schema-graph\">{\"@context\":\"https:\/\/schema.org\",\"@graph\":[{\"@type\":\"Article\",\"@id\":\"https:\/\/www.flexyfinder.com\/pl\/flexyfinder-uczestniczy-w-waznym-wydarzeniu-branzowym-poswieconym-innowacjom-i-zmianom-w-budownictwie-i-nieruchomosciach\/#article\",\"isPartOf\":{\"@id\":\"https:\/\/www.flexyfinder.com\/pl\/flexyfinder-uczestniczy-w-waznym-wydarzeniu-branzowym-poswieconym-innowacjom-i-zmianom-w-budownictwie-i-nieruchomosciach\/\"},\"author\":{\"name\":\"Lars\",\"@id\":\"https:\/\/www.flexyfinder.com\/pl\/#\/schema\/person\/e0e843e08e7b2f7d7f5a8bbbc905ec7d\"},\"headline\":\"Flexyfinder uczestniczy w wa\u017cnym wydarzeniu bran\u017cowym po\u015bwi\u0119conym innowacjom i zmianom w budownictwie i nieruchomo\u015bciach\",\"datePublished\":\"2024-09-19T09:05:57+00:00\",\"dateModified\":\"2024-09-19T09:14:43+00:00\",\"mainEntityOfPage\":{\"@id\":\"https:\/\/www.flexyfinder.com\/pl\/flexyfinder-uczestniczy-w-waznym-wydarzeniu-branzowym-poswieconym-innowacjom-i-zmianom-w-budownictwie-i-nieruchomosciach\/\"},\"wordCount\":255,\"commentCount\":0,\"publisher\":{\"@id\":\"https:\/\/www.flexyfinder.com\/pl\/#organization\"},\"image\":{\"@id\":\"https:\/\/www.flexyfinder.com\/pl\/flexyfinder-uczestniczy-w-waznym-wydarzeniu-branzowym-poswieconym-innowacjom-i-zmianom-w-budownictwie-i-nieruchomosciach\/#primaryimage\"},\"thumbnailUrl\":\"https:\/\/www.flexyfinder.com\/wp-content\/uploads\/2024\/09\/conference.png\",\"inLanguage\":\"pl-PL\",\"potentialAction\":[{\"@type\":\"CommentAction\",\"name\":\"Comment\",\"target\":[\"https:\/\/www.flexyfinder.com\/pl\/flexyfinder-uczestniczy-w-waznym-wydarzeniu-branzowym-poswieconym-innowacjom-i-zmianom-w-budownictwie-i-nieruchomosciach\/#respond\"]}]},{\"@type\":\"WebPage\",\"@id\":\"https:\/\/www.flexyfinder.com\/pl\/flexyfinder-uczestniczy-w-waznym-wydarzeniu-branzowym-poswieconym-innowacjom-i-zmianom-w-budownictwie-i-nieruchomosciach\/\",\"url\":\"https:\/\/www.flexyfinder.com\/pl\/flexyfinder-uczestniczy-w-waznym-wydarzeniu-branzowym-poswieconym-innowacjom-i-zmianom-w-budownictwie-i-nieruchomosciach\/\",\"name\":\"Flexyfinder uczestniczy w wa\u017cnym wydarzeniu bran\u017cowym po\u015bwi\u0119conym innowacjom i zmianom w budownictwie i nieruchomo\u015bciach - FlexyFinder\",\"isPartOf\":{\"@id\":\"https:\/\/www.flexyfinder.com\/pl\/#website\"},\"primaryImageOfPage\":{\"@id\":\"https:\/\/www.flexyfinder.com\/pl\/flexyfinder-uczestniczy-w-waznym-wydarzeniu-branzowym-poswieconym-innowacjom-i-zmianom-w-budownictwie-i-nieruchomosciach\/#primaryimage\"},\"image\":{\"@id\":\"https:\/\/www.flexyfinder.com\/pl\/flexyfinder-uczestniczy-w-waznym-wydarzeniu-branzowym-poswieconym-innowacjom-i-zmianom-w-budownictwie-i-nieruchomosciach\/#primaryimage\"},\"thumbnailUrl\":\"https:\/\/www.flexyfinder.com\/wp-content\/uploads\/2024\/09\/conference.png\",\"datePublished\":\"2024-09-19T09:05:57+00:00\",\"dateModified\":\"2024-09-19T09:14:43+00:00\",\"description\":\"27 wrze\u015bnia FlexyFinder we\u017amie udzia\u0142 w kluczowym wydarzeniu organizowanym przez Szwedzko-Polsk\u0105 Izb\u0119 Handlow\u0105.\",\"breadcrumb\":{\"@id\":\"https:\/\/www.flexyfinder.com\/pl\/flexyfinder-uczestniczy-w-waznym-wydarzeniu-branzowym-poswieconym-innowacjom-i-zmianom-w-budownictwie-i-nieruchomosciach\/#breadcrumb\"},\"inLanguage\":\"pl-PL\",\"potentialAction\":[{\"@type\":\"ReadAction\",\"target\":[\"https:\/\/www.flexyfinder.com\/pl\/flexyfinder-uczestniczy-w-waznym-wydarzeniu-branzowym-poswieconym-innowacjom-i-zmianom-w-budownictwie-i-nieruchomosciach\/\"]}]},{\"@type\":\"ImageObject\",\"inLanguage\":\"pl-PL\",\"@id\":\"https:\/\/www.flexyfinder.com\/pl\/flexyfinder-uczestniczy-w-waznym-wydarzeniu-branzowym-poswieconym-innowacjom-i-zmianom-w-budownictwie-i-nieruchomosciach\/#primaryimage\",\"url\":\"https:\/\/www.flexyfinder.com\/wp-content\/uploads\/2024\/09\/conference.png\",\"contentUrl\":\"https:\/\/www.flexyfinder.com\/wp-content\/uploads\/2024\/09\/conference.png\",\"width\":1400,\"height\":785,\"caption\":\"people talking at a conference event\"},{\"@type\":\"BreadcrumbList\",\"@id\":\"https:\/\/www.flexyfinder.com\/pl\/flexyfinder-uczestniczy-w-waznym-wydarzeniu-branzowym-poswieconym-innowacjom-i-zmianom-w-budownictwie-i-nieruchomosciach\/#breadcrumb\",\"itemListElement\":[{\"@type\":\"ListItem\",\"position\":1,\"name\":\"Home\",\"item\":\"https:\/\/www.flexyfinder.com\/pl\/\"},{\"@type\":\"ListItem\",\"position\":2,\"name\":\"Flexyfinder uczestniczy w wa\u017cnym wydarzeniu bran\u017cowym po\u015bwi\u0119conym innowacjom i zmianom w budownictwie i nieruchomo\u015bciach\"}]},{\"@type\":\"WebSite\",\"@id\":\"https:\/\/www.flexyfinder.com\/pl\/#website\",\"url\":\"https:\/\/www.flexyfinder.com\/pl\/\",\"name\":\"FlexyFinder\",\"description\":\"Dopasowywanie pracownik\u00f3w do firm\",\"publisher\":{\"@id\":\"https:\/\/www.flexyfinder.com\/pl\/#organization\"},\"potentialAction\":[{\"@type\":\"SearchAction\",\"target\":{\"@type\":\"EntryPoint\",\"urlTemplate\":\"https:\/\/www.flexyfinder.com\/pl\/?s={search_term_string}\"},\"query-input\":{\"@type\":\"PropertyValueSpecification\",\"valueRequired\":true,\"valueName\":\"search_term_string\"}}],\"inLanguage\":\"pl-PL\"},{\"@type\":\"Organization\",\"@id\":\"https:\/\/www.flexyfinder.com\/pl\/#organization\",\"name\":\"FlexyFinder\",\"url\":\"https:\/\/www.flexyfinder.com\/pl\/\",\"logo\":{\"@type\":\"ImageObject\",\"inLanguage\":\"pl-PL\",\"@id\":\"https:\/\/www.flexyfinder.com\/pl\/#\/schema\/logo\/image\/\",\"url\":\"https:\/\/www.flexyfinder.com\/wp-content\/uploads\/2024\/06\/FLFI_LOGOImage.png\",\"contentUrl\":\"https:\/\/www.flexyfinder.com\/wp-content\/uploads\/2024\/06\/FLFI_LOGOImage.png\",\"width\":991,\"height\":176,\"caption\":\"FlexyFinder\"},\"image\":{\"@id\":\"https:\/\/www.flexyfinder.com\/pl\/#\/schema\/logo\/image\/\"}},{\"@type\":\"Person\",\"@id\":\"https:\/\/www.flexyfinder.com\/pl\/#\/schema\/person\/e0e843e08e7b2f7d7f5a8bbbc905ec7d\",\"name\":\"Lars\",\"image\":{\"@type\":\"ImageObject\",\"inLanguage\":\"pl-PL\",\"@id\":\"https:\/\/www.flexyfinder.com\/pl\/#\/schema\/person\/image\/\",\"url\":\"https:\/\/secure.gravatar.com\/avatar\/7a85f0f2ccbbaace007dd89b609e176d82e853b10f7212dae93890656ba6a66e?s=96&d=mm&r=g\",\"contentUrl\":\"https:\/\/secure.gravatar.com\/avatar\/7a85f0f2ccbbaace007dd89b609e176d82e853b10f7212dae93890656ba6a66e?s=96&d=mm&r=g\",\"caption\":\"Lars\"},\"sameAs\":[\"http:\/\/www.flexyfinder.com\"],\"url\":\"https:\/\/www.flexyfinder.com\/pl\/author\/lars\/\"}]}<\/script>\n<!-- \/ Yoast SEO plugin. -->","yoast_head_json":{"title":"Flexyfinder uczestniczy w wa\u017cnym wydarzeniu bran\u017cowym po\u015bwi\u0119conym innowacjom i zmianom w budownictwie i nieruchomo\u015bciach - FlexyFinder","description":"27 wrze\u015bnia FlexyFinder we\u017amie udzia\u0142 w kluczowym wydarzeniu organizowanym przez Szwedzko-Polsk\u0105 Izb\u0119 Handlow\u0105.","robots":{"index":"index","follow":"follow","max-snippet":"max-snippet:-1","max-image-preview":"max-image-preview:large","max-video-preview":"max-video-preview:-1"},"canonical":"https:\/\/www.flexyfinder.com\/pl\/flexyfinder-uczestniczy-w-waznym-wydarzeniu-branzowym-poswieconym-innowacjom-i-zmianom-w-budownictwie-i-nieruchomosciach\/","og_locale":"pl_PL","og_type":"article","og_title":"Flexyfinder uczestniczy w wa\u017cnym wydarzeniu bran\u017cowym po\u015bwi\u0119conym innowacjom i zmianom w budownictwie i nieruchomo\u015bciach","og_description":"27 wrze\u015bnia FlexyFinder we\u017amie udzia\u0142 w kluczowym wydarzeniu organizowanym przez Szwedzko-Polsk\u0105 Izb\u0119 Handlow\u0105.","og_url":"https:\/\/www.flexyfinder.com\/pl\/flexyfinder-uczestniczy-w-waznym-wydarzeniu-branzowym-poswieconym-innowacjom-i-zmianom-w-budownictwie-i-nieruchomosciach\/","og_site_name":"FlexyFinder","article_published_time":"2024-09-19T09:05:57+00:00","article_modified_time":"2024-09-19T09:14:43+00:00","og_image":[{"url":"https:\/\/www.flexyfinder.com\/wp-content\/uploads\/2024\/09\/conference-1024x574.png"}],"author":"Lars","twitter_card":"summary_large_image","twitter_title":"Flexyfinder uczestniczy w wa\u017cnym wydarzeniu bran\u017cowym po\u015bwi\u0119conym innowacjom i zmianom w budownictwie i nieruchomo\u015bciach","twitter_description":"27 wrze\u015bnia FlexyFinder we\u017amie udzia\u0142 w kluczowym wydarzeniu organizowanym przez Szwedzko-Polsk\u0105 Izb\u0119 Handlow\u0105.","twitter_image":"https:\/\/www.flexyfinder.com\/wp-content\/uploads\/2024\/09\/conference-1024x574.png","twitter_misc":{"Napisane przez":"Lars","Szacowany czas czytania":"1 minuta"},"schema":{"@context":"https:\/\/schema.org","@graph":[{"@type":"Article","@id":"https:\/\/www.flexyfinder.com\/pl\/flexyfinder-uczestniczy-w-waznym-wydarzeniu-branzowym-poswieconym-innowacjom-i-zmianom-w-budownictwie-i-nieruchomosciach\/#article","isPartOf":{"@id":"https:\/\/www.flexyfinder.com\/pl\/flexyfinder-uczestniczy-w-waznym-wydarzeniu-branzowym-poswieconym-innowacjom-i-zmianom-w-budownictwie-i-nieruchomosciach\/"},"author":{"name":"Lars","@id":"https:\/\/www.flexyfinder.com\/pl\/#\/schema\/person\/e0e843e08e7b2f7d7f5a8bbbc905ec7d"},"headline":"Flexyfinder uczestniczy w wa\u017cnym wydarzeniu bran\u017cowym po\u015bwi\u0119conym innowacjom i zmianom w budownictwie i nieruchomo\u015bciach","datePublished":"2024-09-19T09:05:57+00:00","dateModified":"2024-09-19T09:14:43+00:00","mainEntityOfPage":{"@id":"https:\/\/www.flexyfinder.com\/pl\/flexyfinder-uczestniczy-w-waznym-wydarzeniu-branzowym-poswieconym-innowacjom-i-zmianom-w-budownictwie-i-nieruchomosciach\/"},"wordCount":255,"commentCount":0,"publisher":{"@id":"https:\/\/www.flexyfinder.com\/pl\/#organization"},"image":{"@id":"https:\/\/www.flexyfinder.com\/pl\/flexyfinder-uczestniczy-w-waznym-wydarzeniu-branzowym-poswieconym-innowacjom-i-zmianom-w-budownictwie-i-nieruchomosciach\/#primaryimage"},"thumbnailUrl":"https:\/\/www.flexyfinder.com\/wp-content\/uploads\/2024\/09\/conference.png","inLanguage":"pl-PL","potentialAction":[{"@type":"CommentAction","name":"Comment","target":["https:\/\/www.flexyfinder.com\/pl\/flexyfinder-uczestniczy-w-waznym-wydarzeniu-branzowym-poswieconym-innowacjom-i-zmianom-w-budownictwie-i-nieruchomosciach\/#respond"]}]},{"@type":"WebPage","@id":"https:\/\/www.flexyfinder.com\/pl\/flexyfinder-uczestniczy-w-waznym-wydarzeniu-branzowym-poswieconym-innowacjom-i-zmianom-w-budownictwie-i-nieruchomosciach\/","url":"https:\/\/www.flexyfinder.com\/pl\/flexyfinder-uczestniczy-w-waznym-wydarzeniu-branzowym-poswieconym-innowacjom-i-zmianom-w-budownictwie-i-nieruchomosciach\/","name":"Flexyfinder uczestniczy w wa\u017cnym wydarzeniu bran\u017cowym po\u015bwi\u0119conym innowacjom i zmianom w budownictwie i nieruchomo\u015bciach - FlexyFinder","isPartOf":{"@id":"https:\/\/www.flexyfinder.com\/pl\/#website"},"primaryImageOfPage":{"@id":"https:\/\/www.flexyfinder.com\/pl\/flexyfinder-uczestniczy-w-waznym-wydarzeniu-branzowym-poswieconym-innowacjom-i-zmianom-w-budownictwie-i-nieruchomosciach\/#primaryimage"},"image":{"@id":"https:\/\/www.flexyfinder.com\/pl\/flexyfinder-uczestniczy-w-waznym-wydarzeniu-branzowym-poswieconym-innowacjom-i-zmianom-w-budownictwie-i-nieruchomosciach\/#primaryimage"},"thumbnailUrl":"https:\/\/www.flexyfinder.com\/wp-content\/uploads\/2024\/09\/conference.png","datePublished":"2024-09-19T09:05:57+00:00","dateModified":"2024-09-19T09:14:43+00:00","description":"27 wrze\u015bnia FlexyFinder we\u017amie udzia\u0142 w kluczowym wydarzeniu organizowanym przez Szwedzko-Polsk\u0105 Izb\u0119 Handlow\u0105.","breadcrumb":{"@id":"https:\/\/www.flexyfinder.com\/pl\/flexyfinder-uczestniczy-w-waznym-wydarzeniu-branzowym-poswieconym-innowacjom-i-zmianom-w-budownictwie-i-nieruchomosciach\/#breadcrumb"},"inLanguage":"pl-PL","potentialAction":[{"@type":"ReadAction","target":["https:\/\/www.flexyfinder.com\/pl\/flexyfinder-uczestniczy-w-waznym-wydarzeniu-branzowym-poswieconym-innowacjom-i-zmianom-w-budownictwie-i-nieruchomosciach\/"]}]},{"@type":"ImageObject","inLanguage":"pl-PL","@id":"https:\/\/www.flexyfinder.com\/pl\/flexyfinder-uczestniczy-w-waznym-wydarzeniu-branzowym-poswieconym-innowacjom-i-zmianom-w-budownictwie-i-nieruchomosciach\/#primaryimage","url":"https:\/\/www.flexyfinder.com\/wp-content\/uploads\/2024\/09\/conference.png","contentUrl":"https:\/\/www.flexyfinder.com\/wp-content\/uploads\/2024\/09\/conference.png","width":1400,"height":785,"caption":"people talking at a conference event"},{"@type":"BreadcrumbList","@id":"https:\/\/www.flexyfinder.com\/pl\/flexyfinder-uczestniczy-w-waznym-wydarzeniu-branzowym-poswieconym-innowacjom-i-zmianom-w-budownictwie-i-nieruchomosciach\/#breadcrumb","itemListElement":[{"@type":"ListItem","position":1,"name":"Home","item":"https:\/\/www.flexyfinder.com\/pl\/"},{"@type":"ListItem","position":2,"name":"Flexyfinder uczestniczy w wa\u017cnym wydarzeniu bran\u017cowym po\u015bwi\u0119conym innowacjom i zmianom w budownictwie i nieruchomo\u015bciach"}]},{"@type":"WebSite","@id":"https:\/\/www.flexyfinder.com\/pl\/#website","url":"https:\/\/www.flexyfinder.com\/pl\/","name":"FlexyFinder","description":"Dopasowywanie pracownik\u00f3w do firm","publisher":{"@id":"https:\/\/www.flexyfinder.com\/pl\/#organization"},"potentialAction":[{"@type":"SearchAction","target":{"@type":"EntryPoint","urlTemplate":"https:\/\/www.flexyfinder.com\/pl\/?s={search_term_string}"},"query-input":{"@type":"PropertyValueSpecification","valueRequired":true,"valueName":"search_term_string"}}],"inLanguage":"pl-PL"},{"@type":"Organization","@id":"https:\/\/www.flexyfinder.com\/pl\/#organization","name":"FlexyFinder","url":"https:\/\/www.flexyfinder.com\/pl\/","logo":{"@type":"ImageObject","inLanguage":"pl-PL","@id":"https:\/\/www.flexyfinder.com\/pl\/#\/schema\/logo\/image\/","url":"https:\/\/www.flexyfinder.com\/wp-content\/uploads\/2024\/06\/FLFI_LOGOImage.png","contentUrl":"https:\/\/www.flexyfinder.com\/wp-content\/uploads\/2024\/06\/FLFI_LOGOImage.png","width":991,"height":176,"caption":"FlexyFinder"},"image":{"@id":"https:\/\/www.flexyfinder.com\/pl\/#\/schema\/logo\/image\/"}},{"@type":"Person","@id":"https:\/\/www.flexyfinder.com\/pl\/#\/schema\/person\/e0e843e08e7b2f7d7f5a8bbbc905ec7d","name":"Lars","image":{"@type":"ImageObject","inLanguage":"pl-PL","@id":"https:\/\/www.flexyfinder.com\/pl\/#\/schema\/person\/image\/","url":"https:\/\/secure.gravatar.com\/avatar\/7a85f0f2ccbbaace007dd89b609e176d82e853b10f7212dae93890656ba6a66e?s=96&d=mm&r=g","contentUrl":"https:\/\/secure.gravatar.com\/avatar\/7a85f0f2ccbbaace007dd89b609e176d82e853b10f7212dae93890656ba6a66e?s=96&d=mm&r=g","caption":"Lars"},"sameAs":["http:\/\/www.flexyfinder.com"],"url":"https:\/\/www.flexyfinder.com\/pl\/author\/lars\/"}]}},"_links":{"self":[{"href":"https:\/\/www.flexyfinder.com\/pl\/wp-json\/wp\/v2\/posts\/2169","targetHints":{"allow":["GET"]}}],"collection":[{"href":"https:\/\/www.flexyfinder.com\/pl\/wp-json\/wp\/v2\/posts"}],"about":[{"href":"https:\/\/www.flexyfinder.com\/pl\/wp-json\/wp\/v2\/types\/post"}],"author":[{"embeddable":true,"href":"https:\/\/www.flexyfinder.com\/pl\/wp-json\/wp\/v2\/users\/7"}],"replies":[{"embeddable":true,"href":"https:\/\/www.flexyfinder.com\/pl\/wp-json\/wp\/v2\/comments?post=2169"}],"version-history":[{"count":1,"href":"https:\/\/www.flexyfinder.com\/pl\/wp-json\/wp\/v2\/posts\/2169\/revisions"}],"predecessor-version":[{"id":2170,"href":"https:\/\/www.flexyfinder.com\/pl\/wp-json\/wp\/v2\/posts\/2169\/revisions\/2170"}],"wp:featuredmedia":[{"embeddable":true,"href":"https:\/\/www.flexyfinder.com\/pl\/wp-json\/wp\/v2\/media\/2101"}],"wp:attachment":[{"href":"https:\/\/www.flexyfinder.com\/pl\/wp-json\/wp\/v2\/media?parent=2169"}],"wp:term":[{"taxonomy":"category","embeddable":true,"href":"https:\/\/www.flexyfinder.com\/pl\/wp-json\/wp\/v2\/categories?post=2169"},{"taxonomy":"post_tag","embeddable":true,"href":"https:\/\/www.flexyfinder.com\/pl\/wp-json\/wp\/v2\/tags?post=2169"}],"curies":[{"name":"wp","href":"https:\/\/api.w.org\/{rel}","templated":true}]}}