{"id":2167,"date":"2024-09-19T09:05:57","date_gmt":"2024-09-19T09:05:57","guid":{"rendered":"https:\/\/www.flexyfinder.com\/flexyfinder-deltar-i-framstaende-branschevent-om-innovation-och-forandring-inom-bygg-och-fastighetsbranschen\/"},"modified":"2024-09-19T09:14:21","modified_gmt":"2024-09-19T09:14:21","slug":"flexyfinder-deltar-i-framstaende-branschevent-om-innovation-och-forandring-inom-bygg-och-fastighetsbranschen","status":"publish","type":"post","link":"https:\/\/www.flexyfinder.com\/sv\/flexyfinder-deltar-i-framstaende-branschevent-om-innovation-och-forandring-inom-bygg-och-fastighetsbranschen\/","title":{"rendered":"Flexyfinder deltar i framst\u00e5ende branschevent om innovation och f\u00f6r\u00e4ndring inom bygg- och fastighetsbranschen"},"content":{"rendered":"\n<p>Den 27 september, <strong><a href=\"https:\/\/www.flexyfinder.com\/sv\/\">FlexyFinder<\/a><\/strong> delta i ett viktigt evenemang som anordnas av <a href=\"https:\/\/svenskpolska.se\/events-se\">Svensk-Polska Handelskammaren<\/a>, med fokus p\u00e5 den snabba f\u00f6r\u00e4ndringstakten och innovationstakten inom bygg- och fastighetssektorn. Med temat &#8221;The pace of change and innovation in construction and real estate is astonishing&#8221; kommer evenemanget att samla ledande experter, innovat\u00f6rer och beslutsfattare f\u00f6r att diskutera de utmaningar och m\u00f6jligheter som uppst\u00e5r i en alltmer digital och h\u00e5llbar framtid. <\/p>\n\n<p><a href=\"https:\/\/www.flexyfinder.com\/sv\/\">FlexyFinder<\/a> \u00e4r stolta \u00f6ver att vara en del av detta viktiga samtal och bidra med sin expertis inom effektiva bemanningsl\u00f6sningar och resursoptimering. Genom v\u00e5r innovativa plattform g\u00f6r vi det m\u00f6jligt f\u00f6r f\u00f6retag att m\u00f6ta de v\u00e4xande kraven p\u00e5 flexibilitet och produktivitet i dagens bygg- och fastighetsprojekt. <\/p>\n\n<p>Detta evenemang \u00e4r en viktig plattform f\u00f6r att dela insikter om hur tekniska framsteg driver branschen fram\u00e5t och f\u00f6r\u00e4ndrar processer fr\u00e5n automatisering till smarta byggnader. Vi ser fram emot att n\u00e4tverka med andra branschledare och l\u00e4ra oss mer om de senaste trenderna och innovationerna som formar framtidens byggande. <\/p>\n\n<p>F\u00f6r mer information om evenemanget och f\u00f6r att registrera dig f\u00f6r att f\u00f6lja det live, bes\u00f6k: <a href=\"https:\/\/svenskpolska.se\/events-se\">https:\/\/svenskpolska.se\/events-se<\/a><\/p>\n\n<p>H\u00e5ll \u00f6gonen \u00f6ppna f\u00f6r fler uppdateringar fr\u00e5n <a href=\"https:\/\/www.flexyfinder.com\/sv\/\">FlexyFinder<\/a> under och efter evenemanget!<\/p>\n","protected":false},"excerpt":{"rendered":"<p>Den 27 september, FlexyFinder delta i ett viktigt evenemang som anordnas av Svensk-Polska Handelskammaren, med fokus p\u00e5 den snabba f\u00f6r\u00e4ndringstakten och innovationstakten inom bygg- och fastighetssektorn. Med temat &#8221;The pace of change and innovation in construction and real estate is astonishing&#8221; kommer evenemanget att samla ledande experter, innovat\u00f6rer och beslutsfattare f\u00f6r att diskutera de utmaningar [&hellip;]<\/p>\n","protected":false},"author":7,"featured_media":2102,"comment_status":"open","ping_status":"open","sticky":false,"template":"","format":"standard","meta":{"two_page_speed":[],"footnotes":""},"categories":[12],"tags":[],"class_list":["post-2167","post","type-post","status-publish","format-standard","has-post-thumbnail","hentry","category-okategoriserad"],"yoast_head":"<!-- This site is optimized with the Yoast SEO plugin v23.4 - https:\/\/yoast.com\/wordpress\/plugins\/seo\/ -->\n<title>Flexyfinder deltar i framst\u00e5ende branschevent om innovation och f\u00f6r\u00e4ndring inom bygg- och fastighetsbranschen - FlexyFinder<\/title>\n<meta name=\"description\" content=\"Den 27 september kommer Flexyfinder att delta i ett viktigt event som anordnas av Svensk-Polska Handelskammaren.\" \/>\n<meta name=\"robots\" content=\"index, follow, max-snippet:-1, max-image-preview:large, max-video-preview:-1\" \/>\n<link rel=\"canonical\" href=\"https:\/\/www.flexyfinder.com\/sv\/flexyfinder-deltar-i-framstaende-branschevent-om-innovation-och-forandring-inom-bygg-och-fastighetsbranschen\/\" \/>\n<meta property=\"og:locale\" content=\"sv_SE\" \/>\n<meta property=\"og:type\" content=\"article\" \/>\n<meta property=\"og:title\" content=\"Flexyfinder deltar i framst\u00e5ende branschevent om innovation och f\u00f6r\u00e4ndring inom bygg- och fastighetsbranschen\" \/>\n<meta property=\"og:description\" content=\"Den 27 september kommer FlexyFinder att delta i ett viktigt evenemang som anordnas av Svensk-Polska Handelskammaren.\" \/>\n<meta property=\"og:url\" content=\"https:\/\/www.flexyfinder.com\/sv\/flexyfinder-deltar-i-framstaende-branschevent-om-innovation-och-forandring-inom-bygg-och-fastighetsbranschen\/\" \/>\n<meta property=\"og:site_name\" content=\"FlexyFinder\" \/>\n<meta property=\"article:published_time\" content=\"2024-09-19T09:05:57+00:00\" \/>\n<meta property=\"article:modified_time\" content=\"2024-09-19T09:14:21+00:00\" \/>\n<meta property=\"og:image\" content=\"https:\/\/www.flexyfinder.com\/wp-content\/uploads\/2024\/09\/conference-1024x574.png\" \/>\n<meta name=\"author\" content=\"Lars\" \/>\n<meta name=\"twitter:card\" content=\"summary_large_image\" \/>\n<meta name=\"twitter:title\" content=\"Flexyfinder deltar i framst\u00e5ende branschevent om innovation och f\u00f6r\u00e4ndring inom bygg och fastigheter\" \/>\n<meta name=\"twitter:description\" content=\"Den 27 september kommer Flexyfinder att delta i ett viktigt event som anordnas av Svensk-Polska Handelskammaren.\" \/>\n<meta name=\"twitter:image\" content=\"https:\/\/www.flexyfinder.com\/wp-content\/uploads\/2024\/09\/conference-1024x574.png\" \/>\n<meta name=\"twitter:label1\" content=\"Skriven av\" \/>\n\t<meta name=\"twitter:data1\" content=\"Lars\" \/>\n\t<meta name=\"twitter:label2\" content=\"Ber\u00e4knad l\u00e4stid\" \/>\n\t<meta name=\"twitter:data2\" content=\"1 minut\" \/>\n<script type=\"application\/ld+json\" class=\"yoast-schema-graph\">{\"@context\":\"https:\/\/schema.org\",\"@graph\":[{\"@type\":\"Article\",\"@id\":\"https:\/\/www.flexyfinder.com\/sv\/flexyfinder-deltar-i-framstaende-branschevent-om-innovation-och-forandring-inom-bygg-och-fastighetsbranschen\/#article\",\"isPartOf\":{\"@id\":\"https:\/\/www.flexyfinder.com\/sv\/flexyfinder-deltar-i-framstaende-branschevent-om-innovation-och-forandring-inom-bygg-och-fastighetsbranschen\/\"},\"author\":{\"name\":\"Lars\",\"@id\":\"https:\/\/www.flexyfinder.com\/sv\/#\/schema\/person\/e0e843e08e7b2f7d7f5a8bbbc905ec7d\"},\"headline\":\"Flexyfinder deltar i framst\u00e5ende branschevent om innovation och f\u00f6r\u00e4ndring inom bygg- och fastighetsbranschen\",\"datePublished\":\"2024-09-19T09:05:57+00:00\",\"dateModified\":\"2024-09-19T09:14:21+00:00\",\"mainEntityOfPage\":{\"@id\":\"https:\/\/www.flexyfinder.com\/sv\/flexyfinder-deltar-i-framstaende-branschevent-om-innovation-och-forandring-inom-bygg-och-fastighetsbranschen\/\"},\"wordCount\":237,\"commentCount\":0,\"publisher\":{\"@id\":\"https:\/\/www.flexyfinder.com\/sv\/#organization\"},\"image\":{\"@id\":\"https:\/\/www.flexyfinder.com\/sv\/flexyfinder-deltar-i-framstaende-branschevent-om-innovation-och-forandring-inom-bygg-och-fastighetsbranschen\/#primaryimage\"},\"thumbnailUrl\":\"https:\/\/www.flexyfinder.com\/wp-content\/uploads\/2024\/09\/conference.png\",\"articleSection\":[\"Okategoriserad\"],\"inLanguage\":\"sv-SE\",\"potentialAction\":[{\"@type\":\"CommentAction\",\"name\":\"Comment\",\"target\":[\"https:\/\/www.flexyfinder.com\/sv\/flexyfinder-deltar-i-framstaende-branschevent-om-innovation-och-forandring-inom-bygg-och-fastighetsbranschen\/#respond\"]}]},{\"@type\":\"WebPage\",\"@id\":\"https:\/\/www.flexyfinder.com\/sv\/flexyfinder-deltar-i-framstaende-branschevent-om-innovation-och-forandring-inom-bygg-och-fastighetsbranschen\/\",\"url\":\"https:\/\/www.flexyfinder.com\/sv\/flexyfinder-deltar-i-framstaende-branschevent-om-innovation-och-forandring-inom-bygg-och-fastighetsbranschen\/\",\"name\":\"Flexyfinder deltar i framst\u00e5ende branschevent om innovation och f\u00f6r\u00e4ndring inom bygg- och fastighetsbranschen - FlexyFinder\",\"isPartOf\":{\"@id\":\"https:\/\/www.flexyfinder.com\/sv\/#website\"},\"primaryImageOfPage\":{\"@id\":\"https:\/\/www.flexyfinder.com\/sv\/flexyfinder-deltar-i-framstaende-branschevent-om-innovation-och-forandring-inom-bygg-och-fastighetsbranschen\/#primaryimage\"},\"image\":{\"@id\":\"https:\/\/www.flexyfinder.com\/sv\/flexyfinder-deltar-i-framstaende-branschevent-om-innovation-och-forandring-inom-bygg-och-fastighetsbranschen\/#primaryimage\"},\"thumbnailUrl\":\"https:\/\/www.flexyfinder.com\/wp-content\/uploads\/2024\/09\/conference.png\",\"datePublished\":\"2024-09-19T09:05:57+00:00\",\"dateModified\":\"2024-09-19T09:14:21+00:00\",\"description\":\"Den 27 september kommer Flexyfinder att delta i ett viktigt event som anordnas av Svensk-Polska Handelskammaren.\",\"breadcrumb\":{\"@id\":\"https:\/\/www.flexyfinder.com\/sv\/flexyfinder-deltar-i-framstaende-branschevent-om-innovation-och-forandring-inom-bygg-och-fastighetsbranschen\/#breadcrumb\"},\"inLanguage\":\"sv-SE\",\"potentialAction\":[{\"@type\":\"ReadAction\",\"target\":[\"https:\/\/www.flexyfinder.com\/sv\/flexyfinder-deltar-i-framstaende-branschevent-om-innovation-och-forandring-inom-bygg-och-fastighetsbranschen\/\"]}]},{\"@type\":\"ImageObject\",\"inLanguage\":\"sv-SE\",\"@id\":\"https:\/\/www.flexyfinder.com\/sv\/flexyfinder-deltar-i-framstaende-branschevent-om-innovation-och-forandring-inom-bygg-och-fastighetsbranschen\/#primaryimage\",\"url\":\"https:\/\/www.flexyfinder.com\/wp-content\/uploads\/2024\/09\/conference.png\",\"contentUrl\":\"https:\/\/www.flexyfinder.com\/wp-content\/uploads\/2024\/09\/conference.png\",\"width\":1400,\"height\":785,\"caption\":\"people talking at a conference event\"},{\"@type\":\"BreadcrumbList\",\"@id\":\"https:\/\/www.flexyfinder.com\/sv\/flexyfinder-deltar-i-framstaende-branschevent-om-innovation-och-forandring-inom-bygg-och-fastighetsbranschen\/#breadcrumb\",\"itemListElement\":[{\"@type\":\"ListItem\",\"position\":1,\"name\":\"Home\",\"item\":\"https:\/\/www.flexyfinder.com\/sv\/\"},{\"@type\":\"ListItem\",\"position\":2,\"name\":\"Flexyfinder deltar i framst\u00e5ende branschevent om innovation och f\u00f6r\u00e4ndring inom bygg- och fastighetsbranschen\"}]},{\"@type\":\"WebSite\",\"@id\":\"https:\/\/www.flexyfinder.com\/sv\/#website\",\"url\":\"https:\/\/www.flexyfinder.com\/sv\/\",\"name\":\"FlexyFinder\",\"description\":\"Matchar arbetare med f\u00f6retag\",\"publisher\":{\"@id\":\"https:\/\/www.flexyfinder.com\/sv\/#organization\"},\"potentialAction\":[{\"@type\":\"SearchAction\",\"target\":{\"@type\":\"EntryPoint\",\"urlTemplate\":\"https:\/\/www.flexyfinder.com\/sv\/?s={search_term_string}\"},\"query-input\":{\"@type\":\"PropertyValueSpecification\",\"valueRequired\":true,\"valueName\":\"search_term_string\"}}],\"inLanguage\":\"sv-SE\"},{\"@type\":\"Organization\",\"@id\":\"https:\/\/www.flexyfinder.com\/sv\/#organization\",\"name\":\"FlexyFinder\",\"url\":\"https:\/\/www.flexyfinder.com\/sv\/\",\"logo\":{\"@type\":\"ImageObject\",\"inLanguage\":\"sv-SE\",\"@id\":\"https:\/\/www.flexyfinder.com\/sv\/#\/schema\/logo\/image\/\",\"url\":\"https:\/\/www.flexyfinder.com\/wp-content\/uploads\/2024\/06\/FLFI_LOGOImage.png\",\"contentUrl\":\"https:\/\/www.flexyfinder.com\/wp-content\/uploads\/2024\/06\/FLFI_LOGOImage.png\",\"width\":991,\"height\":176,\"caption\":\"FlexyFinder\"},\"image\":{\"@id\":\"https:\/\/www.flexyfinder.com\/sv\/#\/schema\/logo\/image\/\"}},{\"@type\":\"Person\",\"@id\":\"https:\/\/www.flexyfinder.com\/sv\/#\/schema\/person\/e0e843e08e7b2f7d7f5a8bbbc905ec7d\",\"name\":\"Lars\",\"image\":{\"@type\":\"ImageObject\",\"inLanguage\":\"sv-SE\",\"@id\":\"https:\/\/www.flexyfinder.com\/sv\/#\/schema\/person\/image\/\",\"url\":\"https:\/\/secure.gravatar.com\/avatar\/7a85f0f2ccbbaace007dd89b609e176d82e853b10f7212dae93890656ba6a66e?s=96&d=mm&r=g\",\"contentUrl\":\"https:\/\/secure.gravatar.com\/avatar\/7a85f0f2ccbbaace007dd89b609e176d82e853b10f7212dae93890656ba6a66e?s=96&d=mm&r=g\",\"caption\":\"Lars\"},\"sameAs\":[\"http:\/\/www.flexyfinder.com\"],\"url\":\"https:\/\/www.flexyfinder.com\/sv\/author\/lars\/\"}]}<\/script>\n<!-- \/ Yoast SEO plugin. -->","yoast_head_json":{"title":"Flexyfinder deltar i framst\u00e5ende branschevent om innovation och f\u00f6r\u00e4ndring inom bygg- och fastighetsbranschen - FlexyFinder","description":"Den 27 september kommer Flexyfinder att delta i ett viktigt event som anordnas av Svensk-Polska Handelskammaren.","robots":{"index":"index","follow":"follow","max-snippet":"max-snippet:-1","max-image-preview":"max-image-preview:large","max-video-preview":"max-video-preview:-1"},"canonical":"https:\/\/www.flexyfinder.com\/sv\/flexyfinder-deltar-i-framstaende-branschevent-om-innovation-och-forandring-inom-bygg-och-fastighetsbranschen\/","og_locale":"sv_SE","og_type":"article","og_title":"Flexyfinder deltar i framst\u00e5ende branschevent om innovation och f\u00f6r\u00e4ndring inom bygg- och fastighetsbranschen","og_description":"Den 27 september kommer FlexyFinder att delta i ett viktigt evenemang som anordnas av Svensk-Polska Handelskammaren.","og_url":"https:\/\/www.flexyfinder.com\/sv\/flexyfinder-deltar-i-framstaende-branschevent-om-innovation-och-forandring-inom-bygg-och-fastighetsbranschen\/","og_site_name":"FlexyFinder","article_published_time":"2024-09-19T09:05:57+00:00","article_modified_time":"2024-09-19T09:14:21+00:00","og_image":[{"url":"https:\/\/www.flexyfinder.com\/wp-content\/uploads\/2024\/09\/conference-1024x574.png"}],"author":"Lars","twitter_card":"summary_large_image","twitter_title":"Flexyfinder deltar i framst\u00e5ende branschevent om innovation och f\u00f6r\u00e4ndring inom bygg och fastigheter","twitter_description":"Den 27 september kommer Flexyfinder att delta i ett viktigt event som anordnas av Svensk-Polska Handelskammaren.","twitter_image":"https:\/\/www.flexyfinder.com\/wp-content\/uploads\/2024\/09\/conference-1024x574.png","twitter_misc":{"Skriven av":"Lars","Ber\u00e4knad l\u00e4stid":"1 minut"},"schema":{"@context":"https:\/\/schema.org","@graph":[{"@type":"Article","@id":"https:\/\/www.flexyfinder.com\/sv\/flexyfinder-deltar-i-framstaende-branschevent-om-innovation-och-forandring-inom-bygg-och-fastighetsbranschen\/#article","isPartOf":{"@id":"https:\/\/www.flexyfinder.com\/sv\/flexyfinder-deltar-i-framstaende-branschevent-om-innovation-och-forandring-inom-bygg-och-fastighetsbranschen\/"},"author":{"name":"Lars","@id":"https:\/\/www.flexyfinder.com\/sv\/#\/schema\/person\/e0e843e08e7b2f7d7f5a8bbbc905ec7d"},"headline":"Flexyfinder deltar i framst\u00e5ende branschevent om innovation och f\u00f6r\u00e4ndring inom bygg- och fastighetsbranschen","datePublished":"2024-09-19T09:05:57+00:00","dateModified":"2024-09-19T09:14:21+00:00","mainEntityOfPage":{"@id":"https:\/\/www.flexyfinder.com\/sv\/flexyfinder-deltar-i-framstaende-branschevent-om-innovation-och-forandring-inom-bygg-och-fastighetsbranschen\/"},"wordCount":237,"commentCount":0,"publisher":{"@id":"https:\/\/www.flexyfinder.com\/sv\/#organization"},"image":{"@id":"https:\/\/www.flexyfinder.com\/sv\/flexyfinder-deltar-i-framstaende-branschevent-om-innovation-och-forandring-inom-bygg-och-fastighetsbranschen\/#primaryimage"},"thumbnailUrl":"https:\/\/www.flexyfinder.com\/wp-content\/uploads\/2024\/09\/conference.png","articleSection":["Okategoriserad"],"inLanguage":"sv-SE","potentialAction":[{"@type":"CommentAction","name":"Comment","target":["https:\/\/www.flexyfinder.com\/sv\/flexyfinder-deltar-i-framstaende-branschevent-om-innovation-och-forandring-inom-bygg-och-fastighetsbranschen\/#respond"]}]},{"@type":"WebPage","@id":"https:\/\/www.flexyfinder.com\/sv\/flexyfinder-deltar-i-framstaende-branschevent-om-innovation-och-forandring-inom-bygg-och-fastighetsbranschen\/","url":"https:\/\/www.flexyfinder.com\/sv\/flexyfinder-deltar-i-framstaende-branschevent-om-innovation-och-forandring-inom-bygg-och-fastighetsbranschen\/","name":"Flexyfinder deltar i framst\u00e5ende branschevent om innovation och f\u00f6r\u00e4ndring inom bygg- och fastighetsbranschen - FlexyFinder","isPartOf":{"@id":"https:\/\/www.flexyfinder.com\/sv\/#website"},"primaryImageOfPage":{"@id":"https:\/\/www.flexyfinder.com\/sv\/flexyfinder-deltar-i-framstaende-branschevent-om-innovation-och-forandring-inom-bygg-och-fastighetsbranschen\/#primaryimage"},"image":{"@id":"https:\/\/www.flexyfinder.com\/sv\/flexyfinder-deltar-i-framstaende-branschevent-om-innovation-och-forandring-inom-bygg-och-fastighetsbranschen\/#primaryimage"},"thumbnailUrl":"https:\/\/www.flexyfinder.com\/wp-content\/uploads\/2024\/09\/conference.png","datePublished":"2024-09-19T09:05:57+00:00","dateModified":"2024-09-19T09:14:21+00:00","description":"Den 27 september kommer Flexyfinder att delta i ett viktigt event som anordnas av Svensk-Polska Handelskammaren.","breadcrumb":{"@id":"https:\/\/www.flexyfinder.com\/sv\/flexyfinder-deltar-i-framstaende-branschevent-om-innovation-och-forandring-inom-bygg-och-fastighetsbranschen\/#breadcrumb"},"inLanguage":"sv-SE","potentialAction":[{"@type":"ReadAction","target":["https:\/\/www.flexyfinder.com\/sv\/flexyfinder-deltar-i-framstaende-branschevent-om-innovation-och-forandring-inom-bygg-och-fastighetsbranschen\/"]}]},{"@type":"ImageObject","inLanguage":"sv-SE","@id":"https:\/\/www.flexyfinder.com\/sv\/flexyfinder-deltar-i-framstaende-branschevent-om-innovation-och-forandring-inom-bygg-och-fastighetsbranschen\/#primaryimage","url":"https:\/\/www.flexyfinder.com\/wp-content\/uploads\/2024\/09\/conference.png","contentUrl":"https:\/\/www.flexyfinder.com\/wp-content\/uploads\/2024\/09\/conference.png","width":1400,"height":785,"caption":"people talking at a conference event"},{"@type":"BreadcrumbList","@id":"https:\/\/www.flexyfinder.com\/sv\/flexyfinder-deltar-i-framstaende-branschevent-om-innovation-och-forandring-inom-bygg-och-fastighetsbranschen\/#breadcrumb","itemListElement":[{"@type":"ListItem","position":1,"name":"Home","item":"https:\/\/www.flexyfinder.com\/sv\/"},{"@type":"ListItem","position":2,"name":"Flexyfinder deltar i framst\u00e5ende branschevent om innovation och f\u00f6r\u00e4ndring inom bygg- och fastighetsbranschen"}]},{"@type":"WebSite","@id":"https:\/\/www.flexyfinder.com\/sv\/#website","url":"https:\/\/www.flexyfinder.com\/sv\/","name":"FlexyFinder","description":"Matchar arbetare med f\u00f6retag","publisher":{"@id":"https:\/\/www.flexyfinder.com\/sv\/#organization"},"potentialAction":[{"@type":"SearchAction","target":{"@type":"EntryPoint","urlTemplate":"https:\/\/www.flexyfinder.com\/sv\/?s={search_term_string}"},"query-input":{"@type":"PropertyValueSpecification","valueRequired":true,"valueName":"search_term_string"}}],"inLanguage":"sv-SE"},{"@type":"Organization","@id":"https:\/\/www.flexyfinder.com\/sv\/#organization","name":"FlexyFinder","url":"https:\/\/www.flexyfinder.com\/sv\/","logo":{"@type":"ImageObject","inLanguage":"sv-SE","@id":"https:\/\/www.flexyfinder.com\/sv\/#\/schema\/logo\/image\/","url":"https:\/\/www.flexyfinder.com\/wp-content\/uploads\/2024\/06\/FLFI_LOGOImage.png","contentUrl":"https:\/\/www.flexyfinder.com\/wp-content\/uploads\/2024\/06\/FLFI_LOGOImage.png","width":991,"height":176,"caption":"FlexyFinder"},"image":{"@id":"https:\/\/www.flexyfinder.com\/sv\/#\/schema\/logo\/image\/"}},{"@type":"Person","@id":"https:\/\/www.flexyfinder.com\/sv\/#\/schema\/person\/e0e843e08e7b2f7d7f5a8bbbc905ec7d","name":"Lars","image":{"@type":"ImageObject","inLanguage":"sv-SE","@id":"https:\/\/www.flexyfinder.com\/sv\/#\/schema\/person\/image\/","url":"https:\/\/secure.gravatar.com\/avatar\/7a85f0f2ccbbaace007dd89b609e176d82e853b10f7212dae93890656ba6a66e?s=96&d=mm&r=g","contentUrl":"https:\/\/secure.gravatar.com\/avatar\/7a85f0f2ccbbaace007dd89b609e176d82e853b10f7212dae93890656ba6a66e?s=96&d=mm&r=g","caption":"Lars"},"sameAs":["http:\/\/www.flexyfinder.com"],"url":"https:\/\/www.flexyfinder.com\/sv\/author\/lars\/"}]}},"_links":{"self":[{"href":"https:\/\/www.flexyfinder.com\/sv\/wp-json\/wp\/v2\/posts\/2167","targetHints":{"allow":["GET"]}}],"collection":[{"href":"https:\/\/www.flexyfinder.com\/sv\/wp-json\/wp\/v2\/posts"}],"about":[{"href":"https:\/\/www.flexyfinder.com\/sv\/wp-json\/wp\/v2\/types\/post"}],"author":[{"embeddable":true,"href":"https:\/\/www.flexyfinder.com\/sv\/wp-json\/wp\/v2\/users\/7"}],"replies":[{"embeddable":true,"href":"https:\/\/www.flexyfinder.com\/sv\/wp-json\/wp\/v2\/comments?post=2167"}],"version-history":[{"count":1,"href":"https:\/\/www.flexyfinder.com\/sv\/wp-json\/wp\/v2\/posts\/2167\/revisions"}],"predecessor-version":[{"id":2168,"href":"https:\/\/www.flexyfinder.com\/sv\/wp-json\/wp\/v2\/posts\/2167\/revisions\/2168"}],"wp:featuredmedia":[{"embeddable":true,"href":"https:\/\/www.flexyfinder.com\/sv\/wp-json\/wp\/v2\/media\/2102"}],"wp:attachment":[{"href":"https:\/\/www.flexyfinder.com\/sv\/wp-json\/wp\/v2\/media?parent=2167"}],"wp:term":[{"taxonomy":"category","embeddable":true,"href":"https:\/\/www.flexyfinder.com\/sv\/wp-json\/wp\/v2\/categories?post=2167"},{"taxonomy":"post_tag","embeddable":true,"href":"https:\/\/www.flexyfinder.com\/sv\/wp-json\/wp\/v2\/tags?post=2167"}],"curies":[{"name":"wp","href":"https:\/\/api.w.org\/{rel}","templated":true}]}}